{"id":328,"date":"2014-08-21T07:33:29","date_gmt":"2014-08-21T06:33:29","guid":{"rendered":"http:\/\/www.cousumouche.com\/plusbellechanson\/?p=328"},"modified":"2014-08-13T23:22:46","modified_gmt":"2014-08-13T22:22:46","slug":"le-sud-nino-ferrer","status":"publish","type":"post","link":"http:\/\/www.cousumouche.com\/plusbellechanson\/?p=328","title":{"rendered":"Le Sud &#8211; Nino Ferrer"},"content":{"rendered":"<p><em>C&rsquo;est un endroit qui ressemble \u00e0 la Louisiane<\/em>\u2026 \u00ab C&rsquo;est quoi la Louisiane ? \u00bb\u2026 <em>\u00c0 l&rsquo;Italie<\/em> \u00ab C&rsquo;est quoi, l&rsquo;Italie ? \u00bb. <em>Il y a du linge \u00e9tendu sur la terrasse, et c&rsquo;est joli<\/em>. \u00ab Pourquoi c&rsquo;est joli ? \u00bb\u2026 Cela fait trente, quarante, ou peut-\u00eatre cent fois que j&rsquo;essaie d&rsquo;endormir ma fille en fredonnant cette chanson. Elle en a aval\u00e9 les sonorit\u00e9s sans rechigner, \u00e0 peine le chat du deuxi\u00e8me couplet avait-il attir\u00e9 son attention. Et voil\u00e0 qu&rsquo;elle me contraint \u00e0 une explication de texte acharn\u00e9e, sans laisser passer le moindre vers, elle me diss\u00e8que mon Sud et mon Nino\u2026<\/p>\n<p>Ferrer, le chanteur le plus sous-estim\u00e9 de la francophonie, cantonn\u00e9 \u00e0 la vari\u00e9toche rigolote, \u00e0 <em>Gaston<\/em>, \u00e0 <em>Mirza<\/em>, entonn\u00e9s avec cette voix \u00e0 la fois rauque et tendre qui pourrait faire p\u00e2lir de jalousie bien des vocaliseurs sans \u00e2mes, tristes squatteurs des bandes FM.<\/p>\n<p>Bien s\u00fbr, il y a <em>La Maison pr\u00e8s de la Fontaine<\/em>, et <em>Le Sud<\/em>, pr\u00e9sent\u00e9s comme deux OVNI dans le r\u00e9pertoire de Nino, des concessions \u00e0 la chanson \u00e0 texte, alors que c&rsquo;est tout l&rsquo;inverse. R\u00e9\u00e9coutez <em>Nino Ferrer and Leggs<\/em> ou <em>Blanat<\/em>, des albums aux guitares puissantes, aux arrangements torch\u00e9s, aux fronti\u00e8res de la po\u00e9sie, de l&rsquo;exp\u00e9rimentation sonore, et d&rsquo;un n&rsquo;importe quoi vaguement dada\u00efste qui est la marque de fabrique de l&rsquo;ermite de Montcuq.<\/p>\n<p>Des chansons qui me collent au c\u0153ur, j&rsquo;en ai plein, de sa r\u00e9\u00e9criture d&rsquo;<em>Il pleut Berg\u00e8re<\/em>, \u00e0 l&rsquo;effroyable <em>Arche de No\u00e9<\/em>, d&rsquo;<em>Alcina de Jesus <\/em>(merveille de texte sur la r\u00e9volution des oeillets) \u00e0 la <em>Rua Madureira<\/em>\u2026 Mais voil\u00e0, lorsque ma fille me r\u00e9clame une chanson et que je suis las de <em>Siffler sur la colline<\/em>, de ce bon vieux Joe Dassin, quand je m&rsquo;en remets \u00e0 Ferrer \u00e0 l&rsquo;heure des berceuses, la premi\u00e8re chanson qui me vient, c&rsquo;est bel et bien <em>Le Sud<\/em>.<\/p>\n<p>Ce sera bient\u00f4t, je peux l&rsquo;imaginer, le refrain de nos vacances en famille, \u00e0 quatre dans une automobile trop pleine \u00e0 r\u00e9clamer une \u00e9ternit\u00e9 de soleil, un temps qui fasse une pause pour nous laisser respirer notre bonheur \u00e0 plein nez, loin de l&rsquo;essouflement routinier, des affres du boulot et de la scolarit\u00e9.<\/p>\n<p>Et puis,\u00a0<em> un jour o\u00f9 l&rsquo;autre il faudra qu&rsquo;il y ait la guerre, on le sait bien&#8230;<\/em>\u00a0 Papa, c&rsquo;est quoi la guerre ?<\/p>\n<p>Dors, s&rsquo;il te pla\u00eet, mon amour.<\/p>\n<p style=\"text-align: right;\">Micha\u00ebl Perruchoud<\/p>\n<p><iframe loading=\"lazy\" title=\"Nino Ferrer : Le Sud  - 1975\" width=\"604\" height=\"453\" src=\"https:\/\/www.youtube.com\/embed\/FgxwKEuy-pM?feature=oembed\" frameborder=\"0\" allow=\"accelerometer; autoplay; clipboard-write; encrypted-media; gyroscope; picture-in-picture; web-share\" referrerpolicy=\"strict-origin-when-cross-origin\" allowfullscreen><\/iframe><\/p>\n","protected":false},"excerpt":{"rendered":"<p>C&rsquo;est un endroit qui ressemble \u00e0 la Louisiane\u2026 \u00ab C&rsquo;est quoi la Louisiane ? \u00bb\u2026 \u00c0 l&rsquo;Italie \u00ab C&rsquo;est quoi, l&rsquo;Italie ? \u00bb. Il y a du linge \u00e9tendu sur la terrasse, et c&rsquo;est joli. \u00ab Pourquoi c&rsquo;est joli ? \u00bb\u2026 Cela fait trente, quarante, ou peut-\u00eatre cent fois que j&rsquo;essaie d&rsquo;endormir ma fille en &hellip; <a href=\"http:\/\/www.cousumouche.com\/plusbellechanson\/?p=328\" class=\"more-link\">Continuer la lecture de <span class=\"screen-reader-text\">Le Sud &#8211; Nino Ferrer<\/span> <span class=\"meta-nav\">&rarr;<\/span><\/a><\/p>\n","protected":false},"author":4,"featured_media":0,"comment_status":"open","ping_status":"open","sticky":false,"template":"","format":"standard","meta":{"footnotes":""},"categories":[29],"tags":[237,559,566,565,173,558,193,153,568,562,567,144,564,563,561,560],"class_list":["post-328","post","type-post","status-publish","format-standard","hentry","category-chansons","tag-chat","tag-dadaiste","tag-ermite","tag-experimentation","tag-fille","tag-frontiere","tag-guerre","tag-guitare","tag-joe-dassin","tag-longtemps","tag-montcuq","tag-poesie","tag-respirer","tag-scolarite","tag-temps","tag-vacances"],"_links":{"self":[{"href":"http:\/\/www.cousumouche.com\/plusbellechanson\/index.php?rest_route=\/wp\/v2\/posts\/328","targetHints":{"allow":["GET"]}}],"collection":[{"href":"http:\/\/www.cousumouche.com\/plusbellechanson\/index.php?rest_route=\/wp\/v2\/posts"}],"about":[{"href":"http:\/\/www.cousumouche.com\/plusbellechanson\/index.php?rest_route=\/wp\/v2\/types\/post"}],"author":[{"embeddable":true,"href":"http:\/\/www.cousumouche.com\/plusbellechanson\/index.php?rest_route=\/wp\/v2\/users\/4"}],"replies":[{"embeddable":true,"href":"http:\/\/www.cousumouche.com\/plusbellechanson\/index.php?rest_route=%2Fwp%2Fv2%2Fcomments&post=328"}],"version-history":[{"count":3,"href":"http:\/\/www.cousumouche.com\/plusbellechanson\/index.php?rest_route=\/wp\/v2\/posts\/328\/revisions"}],"predecessor-version":[{"id":365,"href":"http:\/\/www.cousumouche.com\/plusbellechanson\/index.php?rest_route=\/wp\/v2\/posts\/328\/revisions\/365"}],"wp:attachment":[{"href":"http:\/\/www.cousumouche.com\/plusbellechanson\/index.php?rest_route=%2Fwp%2Fv2%2Fmedia&parent=328"}],"wp:term":[{"taxonomy":"category","embeddable":true,"href":"http:\/\/www.cousumouche.com\/plusbellechanson\/index.php?rest_route=%2Fwp%2Fv2%2Fcategories&post=328"},{"taxonomy":"post_tag","embeddable":true,"href":"http:\/\/www.cousumouche.com\/plusbellechanson\/index.php?rest_route=%2Fwp%2Fv2%2Ftags&post=328"}],"curies":[{"name":"wp","href":"https:\/\/api.w.org\/{rel}","templated":true}]}}