{"id":6225,"date":"2021-10-20T22:52:28","date_gmt":"2021-10-20T21:52:28","guid":{"rendered":"https:\/\/www.cousumouche.com\/?p=6225"},"modified":"2025-11-04T18:14:02","modified_gmt":"2025-11-04T17:14:02","slug":"le-milenarium-3-2-2-2-2-3-2-2-2","status":"publish","type":"post","link":"https:\/\/www.cousumouche.com\/?p=6225","title":{"rendered":"1910 &#8211; Le G\u00e9ant d\u00e9sar\u00e7onn\u00e9"},"content":{"rendered":"<h3 style=\"text-align: left;\"><a href=\"http:\/\/www.cousumouche.com\/wp-content\/uploads\/2024\/10\/1910_geant_desarconne.jpg\"><img loading=\"lazy\" decoding=\"async\" class=\"alignleft wp-image-6213\" src=\"http:\/\/www.cousumouche.com\/wp-content\/uploads\/2024\/10\/1910_geant_desarconne.jpg\" alt=\"\" width=\"289\" height=\"450\" srcset=\"https:\/\/www.cousumouche.com\/wp-content\/uploads\/2024\/10\/1910_geant_desarconne.jpg 534w, https:\/\/www.cousumouche.com\/wp-content\/uploads\/2024\/10\/1910_geant_desarconne-193x300.jpg 193w, https:\/\/www.cousumouche.com\/wp-content\/uploads\/2024\/10\/1910_geant_desarconne-332x517.jpg 332w, https:\/\/www.cousumouche.com\/wp-content\/uploads\/2024\/10\/1910_geant_desarconne-115x180.jpg 115w\" sizes=\"auto, (max-width: 289px) 100vw, 289px\" \/><\/a><a href=\"https:\/\/www.cousumouche.com\/?author=30\">Micha\u00ebl Perruchoud<\/a><\/h3>\n<h4 style=\"text-align: left;\">Cousu Mouche<br \/>\n2021<br \/>\n70 pages<\/h4>\n<p style=\"text-align: left;\"><strong>Version papier<\/strong><\/p>\n<p style=\"text-align: left;\"><p class=\"product woocommerce add_to_cart_inline \" style=\"border:4px solid #ccc; padding: 12px;\"><span class=\"woocommerce-Price-amount amount\"><bdi><span class=\"woocommerce-Price-currencySymbol\">&#67;&#72;&#70;<\/span>&nbsp;15.00<\/bdi><\/span><a href=\"\/index.php?rest_route=%2Fwp%2Fv2%2Fposts%2F6225&#038;add-to-cart=6218\" aria-describedby=\"woocommerce_loop_add_to_cart_link_describedby_6218\" data-quantity=\"1\" class=\"button product_type_simple add_to_cart_button ajax_add_to_cart\" data-product_id=\"6218\" data-product_sku=\"\" aria-label=\"Ajouter au panier\u00a0: &ldquo;1910 - Le G\u00e9ant d\u00e9sar\u00e7onn\u00e9&rdquo;\" rel=\"nofollow\" data-success_message=\"\u00ab\u00a01910 - Le G\u00e9ant d\u00e9sar\u00e7onn\u00e9\u00a0\u00bb a \u00e9t\u00e9 ajout\u00e9 \u00e0 votre panier\" role=\"button\">Ajouter au panier<\/a>\t<span id=\"woocommerce_loop_add_to_cart_link_describedby_6218\" class=\"screen-reader-text\">\n\t\t\t<\/span>\n<\/p><\/p>\n<h3>Le livre<\/h3>\n<p>Le cyclisme est un sport romanesque et sa cascade de h\u00e9ros malheureux, d\u2019exploits fracassants, de destins bris\u00e9s m\u00e9rite que l\u2019on s\u2019y plonge \u00ab autrement \u00bb. L\u2019\u00e9crivain Micha\u00ebl Perruchoud avait d\u00e9j\u00e0 taill\u00e9 quelques portraits truculents des \u00ab hors-la-loi de la petite reine \u00bb dans <em>Bartali sans ses clopes <\/em>(L\u2019\u00c2ge d\u2019Homme, 2008), il se frotte d\u00e9sormais aux plus grands Tours de l\u2019histoire, une s\u00e9lection forc\u00e9ment subjective des moments qui ont fait le cyclisme.<\/p>\n<p>Le premier volume parle de 1910, de Fran\u00e7ois Faber, d\u2019Octave Lapize et de Lucien Petit-Breton, honneur du cyclisme fran\u00e7ais qui, tous trois, mourront au cours de la Premi\u00e8re Guerre mondiale, \u00e0 30 ans ou moins encore. Il raconte surtout une \u00e9preuve sportive d\u00e9mesur\u00e9e, n\u00e9e en r\u00e9action \u00e0 l\u2019affaire Dreyfus, et qui, pour la premi\u00e8re fois, envoie les sportifs sur les sentiers de ch\u00e8vres des Pyr\u00e9n\u00e9es. Micha\u00ebl Perruchoud suit les corps et leurs exploits, mais il se pr\u00e9occupe surtout des \u00e2mes.<\/p>\n<h3>L&rsquo;auteur<\/h3>\n<p>Micha\u00ebl Perruchoud, \u00e9crivain et \u00e9diteur, est n\u00e9 \u00e0 Gen\u00e8ve. Il publie en 1998 son premier roman, <em>Cr\u00e9celle et ses brigands<\/em>, aupr\u00e8s de l\u2019\u00e9diteur Faim de si\u00e8cle, suivi d\u2019une dizaine d\u2019autres.<\/p>\n","protected":false},"excerpt":{"rendered":"<p>Le cyclisme est un sport romanesque et sa cascade de h\u00e9ros malheureux, d\u2019exploits fracassants, de destins bris\u00e9s m\u00e9rite que l\u2019on s\u2019y plonge \u00ab autrement \u00bb. Le premier volume parle de 1910, de Fran\u00e7ois Faber, d\u2019Octave Lapize et de Lucien Petit-Breton, honneur du cyclisme fran\u00e7ais qui, tous trois, mourront au cours de la Premi\u00e8re Guerre mondiale, \u00e0 30 ans ou moins encore.<\/p>\n","protected":false},"author":30,"featured_media":6213,"comment_status":"open","ping_status":"open","sticky":false,"template":"","format":"standard","meta":{"footnotes":""},"categories":[124],"tags":[],"class_list":["post-6225","post","type-post","status-publish","format-standard","has-post-thumbnail","hentry","category-recits","column","fourcol","has-thumbnail"],"_links":{"self":[{"href":"https:\/\/www.cousumouche.com\/index.php?rest_route=\/wp\/v2\/posts\/6225","targetHints":{"allow":["GET"]}}],"collection":[{"href":"https:\/\/www.cousumouche.com\/index.php?rest_route=\/wp\/v2\/posts"}],"about":[{"href":"https:\/\/www.cousumouche.com\/index.php?rest_route=\/wp\/v2\/types\/post"}],"author":[{"embeddable":true,"href":"https:\/\/www.cousumouche.com\/index.php?rest_route=\/wp\/v2\/users\/30"}],"replies":[{"embeddable":true,"href":"https:\/\/www.cousumouche.com\/index.php?rest_route=%2Fwp%2Fv2%2Fcomments&post=6225"}],"version-history":[{"count":2,"href":"https:\/\/www.cousumouche.com\/index.php?rest_route=\/wp\/v2\/posts\/6225\/revisions"}],"predecessor-version":[{"id":6973,"href":"https:\/\/www.cousumouche.com\/index.php?rest_route=\/wp\/v2\/posts\/6225\/revisions\/6973"}],"wp:featuredmedia":[{"embeddable":true,"href":"https:\/\/www.cousumouche.com\/index.php?rest_route=\/wp\/v2\/media\/6213"}],"wp:attachment":[{"href":"https:\/\/www.cousumouche.com\/index.php?rest_route=%2Fwp%2Fv2%2Fmedia&parent=6225"}],"wp:term":[{"taxonomy":"category","embeddable":true,"href":"https:\/\/www.cousumouche.com\/index.php?rest_route=%2Fwp%2Fv2%2Fcategories&post=6225"},{"taxonomy":"post_tag","embeddable":true,"href":"https:\/\/www.cousumouche.com\/index.php?rest_route=%2Fwp%2Fv2%2Ftags&post=6225"}],"curies":[{"name":"wp","href":"https:\/\/api.w.org\/{rel}","templated":true}]}}